{"id":26387,"date":"2025-10-08T12:30:22","date_gmt":"2025-10-08T12:30:22","guid":{"rendered":"https:\/\/viande-halal.fr\/meinau\/?p=26387"},"modified":"2025-10-08T14:47:31","modified_gmt":"2025-10-08T14:47:31","slug":"kofte-au-four-avec-patates","status":"publish","type":"post","link":"https:\/\/prointer.fr\/meinau\/blog\/kofte-au-four-avec-patates\/","title":{"rendered":"K\u00f6fte au four avec pommes de terre"},"content":{"rendered":"\t\t<div data-elementor-type=\"wp-post\" data-elementor-id=\"26387\" class=\"elementor elementor-26387\" data-elementor-post-type=\"post\">\n\t\t\t\t<div class=\"elementor-element elementor-element-3d34da70 e-flex e-con-boxed e-con e-parent\" data-id=\"3d34da70\" data-element_type=\"container\">\n\t\t\t\t\t<div class=\"e-con-inner\">\n\t\t\t\t<div class=\"elementor-element elementor-element-a225be9 elementor-widget elementor-widget-text-editor\" data-id=\"a225be9\" data-element_type=\"widget\" data-widget_type=\"text-editor.default\">\n\t\t\t\t<div class=\"elementor-widget-container\">\n\t\t\t\t\t\t\t\t\t<p data-start=\"196\" data-end=\"437\">Aujourd\u2019hui, on vous propose une recette parfaite pour un <strong data-start=\"254\" data-end=\"275\">dimanche pluvieux<\/strong> : un plat <strong data-start=\"286\" data-end=\"329\">r\u00e9confortant, chaud et plein de saveurs<\/strong> !<br data-start=\"336\" data-end=\"339\" \/>D\u00e9couvrez le <strong data-start=\"352\" data-end=\"394\">K\u00f6fte au four avec des pommes de terre<\/strong>, un incontournable de la cuisine turque.<\/p>\n<p data-start=\"439\" data-end=\"657\">Des <strong data-start=\"443\" data-end=\"502\">boulettes de viande hach\u00e9e assaisonn\u00e9es \u00e0 la perfection<\/strong>, des <strong data-start=\"508\" data-end=\"537\">pommes de terre fondantes<\/strong>, des <strong data-start=\"543\" data-end=\"578\">\u00e9pices qui embaument la cuisine<\/strong>\u2026 et le tout gratin\u00e9 au four pour un r\u00e9sultat dor\u00e9 et savoureux \u00e0 souhait.\u00a0<\/p>\n<p data-start=\"439\" data-end=\"657\">Une recette simple, g\u00e9n\u00e9reuse et conviviale, \u00e0 partager en famille pour r\u00e9chauffer les c\u0153urs et les papilles !<\/p>\n<p><!-- \/wp:paragraph --><!-- wp:separator --><\/p>\n<hr \/>\n<p><!-- \/wp:separator --><!-- wp:heading --><\/p>\n<h2>Ingr\u00e9dients pour 4 personnes\u00a0<span style=\"font-size: 30px;\">\u00a0<\/span>\u00a0<\/h2>\n<p><!-- \/wp:heading --><!-- wp:heading {\"level\":3} --><\/p>\n<h3><span style=\"font-size: 24px;\">Pour les k\u00f6fte :<\/span><\/h3>\n<p><!-- \/wp:heading --><!-- wp:list --><\/p>\n<ul>\n<li style=\"list-style-type: none;\">\n<ul><!-- wp:list-item --><\/ul>\n<\/li>\n<li>500 g de viande hach\u00e9e (boeuf ou agneau)<b>\u00a0<\/b><!-- \/wp:list-item --><!-- wp:list-item --><\/li>\n<li>1 oignon r\u00e2p\u00e9\u00a0<!-- \/wp:list-item --><!-- wp:list-item --><\/li>\n<li>1 gousse d&rsquo;ail r\u00e2p\u00e9e<!-- \/wp:list-item --><!-- wp:list-item --><\/li>\n<li>2 c. \u00e0 soupe de chapelure\u00a0<!-- \/wp:list-item --><!-- wp:list-item --><\/li>\n<li>1 oeuf\u00a0<!-- \/wp:list-item --><!-- wp:list-item --><\/li>\n<li>1 c. \u00e0 caf\u00e9 de cumin\u00a0<\/li>\n<li>1 c. \u00e0 caf\u00e9 de paprika\u00a0<\/li>\n<li>Sel, poivre\u00a0<\/li>\n<li>Persil hach\u00e9 (facultatif)\u00a0<\/li>\n<\/ul>\n<p><!-- \/wp:list-item --><\/p>\n<p><!-- \/wp:list --><!-- wp:heading {\"level\":4} --><\/p>\n<h4>Pour les l\u00e9gumes et l&rsquo;assemblage :<\/h4>\n<p><!-- \/wp:heading --><!-- wp:list --><\/p>\n<ul>\n<li style=\"list-style-type: none;\">\n<ul><!-- wp:list-item --><\/ul>\n<\/li>\n<\/ul>\n<ul>\n<li style=\"list-style-type: none;\">\n<ul>\n<li>4 pommes de terre coup\u00e9es en rondelles\u00a0<\/li>\n<li>2 tomates coup\u00e9es en rondelles\u00a0<\/li>\n<li>1 poivron vert coup\u00e9 en lani\u00e8res\u00a0<\/li>\n<li>2 c. \u00e0 soupe de concentr\u00e9 de tomate\u00a0<\/li>\n<li>1 verre d&rsquo;eau chaude\u00a0<\/li>\n<li>Huile d&rsquo;olive\u00a0<\/li>\n<li>Sel, poivre\u00a0<\/li>\n<\/ul>\n<\/li>\n<\/ul>\n<p><!-- \/wp:list-item --><\/p>\n<p><!-- \/wp:list --><!-- wp:heading {\"level\":4} --><\/p>\n<h2>\u00c9tapes de pr\u00e9paration du k\u00f6fte avec des pommes de terre\u00a0<\/h2>\n<p><!-- \/wp:heading --><!-- wp:heading {\"level\":3} --><\/p>\n<h3>1. Pr\u00e9paration K\u00f6fte\u00a0<\/h3>\n<ul>\n<li><span style=\"font-weight: 400;\">M\u00e9langer tous les ingr\u00e9dients dans un saladier, former des boulettes plates ou ovales.\u00a0 N&rsquo;oubliez pas d&rsquo;assaissoner \u00e0 votre convenance\u00a0<\/span><\/li>\n<li>R\u00e9server au frais\u00a0<\/li>\n<\/ul>\n<p><!-- \/wp:separator --><!-- wp:heading {\"level\":3} --><\/p>\n<h3>2. Pr\u00e9paration des pommes de terre<\/h3>\n<ul>\n<li><span style=\"font-weight: 400;\">Couper les pommes de terre en rondelles et les pr\u00e9cuire 10 min dans l\u2019eau bouillante sal\u00e9e<\/span><\/li>\n<\/ul>\n<p><!-- \/wp:separator --><!-- wp:heading {\"level\":3} --><\/p>\n<h3>3. Pr\u00e9paration de la sauce\u00a0<\/h3>\n<p><!-- \/wp:heading --><!-- wp:list {\"ordered\":true} --><\/p>\n<ol>\n<li style=\"list-style-type: none;\">\n<ol><!-- wp:list-item --><\/ol>\n<\/li>\n<\/ol>\n<ol>\n<li style=\"list-style-type: none;\">\u00a0<\/li>\n<\/ol>\n<ul>\n<li>M\u00e9langer le concentr\u00e9 de tomate avec l&rsquo;eau chaude, un filet d&rsquo;huile d&rsquo;olive, ajout\u00e9 du sel et du poivre.\u00a0<\/li>\n<\/ul>\n<p><!-- \/wp:list-item --><\/p>\n<p><!-- \/wp:list --><!-- wp:separator --><\/p>\n<hr \/>\n<p><!-- \/wp:separator --><!-- wp:heading {\"level\":3} --><\/p>\n<h3>4. Assemblage du plat\u00a0<\/h3>\n<ul>\n<li>Dans un plat huil\u00e9, alterner rondelles de pomme de terre <span style=\"font-weight: 400;\">k\u00f6fte et tomates.<\/span><\/li>\n<li><span style=\"font-weight: 400;\"> Ajouter les lani\u00e8res de poivron par-dessus<\/span><\/li>\n<li>Verser la sauce sur le plat en entier\u00a0<\/li>\n<\/ul>\n<h3>5. Cuisson<\/h3>\n<ul>\n<li>Enfourner \u00e0 180\u00b0C pendant 35-45 minutes, jusqu&rsquo;\u00e0 ce que le tout soit bien dor\u00e9.\u00a0<\/li>\n<\/ul>\n<p><!-- \/wp:separator --><!-- wp:heading --><\/p>\n<p><!-- \/wp:heading --><!-- wp:paragraph --><\/p>\n<h5><strong>\u00c0 la sortie du four\u00a0<\/strong><\/h5>\n<ul>\n<li>Servez le sur un plat, accompagner de riz pilay ou du pain turc<\/li>\n<li>Il s&rsquo;accompagne \u00e9galement tr\u00e8s bien avec du Cacik (Yaourt au concombre)\u00a0<\/li>\n<\/ul>\n<p><!-- \/wp:paragraph --><!-- wp:separator --><\/p>\n<p><!-- \/wp:list-item --><\/p>\n<p><!-- \/wp:list --><!-- wp:separator --><\/p>\n<hr \/>\n<p><!-- \/wp:separator --><!-- wp:heading --><\/p>\n<h2>En conclusion<\/h2>\n<p><!-- \/wp:heading --><!-- wp:paragraph --><\/p>\n<p>Le\u00a0<strong data-start=\"161\" data-end=\"178\">K\u00f6fte au four<\/strong> est le plat id\u00e9al pour se r\u00e9galer en toute simplicit\u00e9.<\/p>\n<p>\u00c0 la fois <strong data-start=\"246\" data-end=\"278\">fondant, parfum\u00e9 et g\u00e9n\u00e9reux<\/strong>, il r\u00e9unit tout ce qu\u2019on aime : une cuisine familiale, pleine de go\u00fbt et de chaleur\u00a0 !\u00a0<\/p>\n<p><!-- \/wp:quote --><\/p>\t\t\t\t\t\t\t\t<\/div>\n\t\t\t\t<\/div>\n\t\t\t\t\t<\/div>\n\t\t\t\t<\/div>\n\t\t<div class=\"elementor-element elementor-element-3d0c790 e-flex e-con-boxed e-con e-parent\" data-id=\"3d0c790\" data-element_type=\"container\">\n\t\t\t\t\t<div class=\"e-con-inner\">\n\t\t\t\t\t<\/div>\n\t\t\t\t<\/div>\n\t\t\t\t<\/div>\n\t\t","protected":false},"excerpt":{"rendered":"<p>Aujourd\u2019hui, on vous propose une recette parfaite pour un dimanche pluvieux : un plat r\u00e9confortant, chaud et plein de saveurs !D\u00e9couvrez le K\u00f6fte au four avec des pommes de terre, un incontournable de la cuisine turque. Des boulettes de viande hach\u00e9e assaisonn\u00e9es \u00e0 la perfection, des pommes de terre fondantes, des \u00e9pices qui embaument la [&hellip;]<\/p>\n","protected":false},"author":2,"featured_media":26736,"comment_status":"open","ping_status":"open","sticky":false,"template":"","format":"standard","meta":{"footnotes":""},"categories":[474,479,476],"tags":[677,678,473],"class_list":["post-26387","post","type-post","status-publish","format-standard","has-post-thumbnail","hentry","category-les-recettes-du-monde","category-menu","category-plat","tag-kofte","tag-pomme-de-terre","tag-recette"],"_links":{"self":[{"href":"https:\/\/prointer.fr\/meinau\/wp-json\/wp\/v2\/posts\/26387","targetHints":{"allow":["GET"]}}],"collection":[{"href":"https:\/\/prointer.fr\/meinau\/wp-json\/wp\/v2\/posts"}],"about":[{"href":"https:\/\/prointer.fr\/meinau\/wp-json\/wp\/v2\/types\/post"}],"author":[{"embeddable":true,"href":"https:\/\/prointer.fr\/meinau\/wp-json\/wp\/v2\/users\/2"}],"replies":[{"embeddable":true,"href":"https:\/\/prointer.fr\/meinau\/wp-json\/wp\/v2\/comments?post=26387"}],"version-history":[{"count":10,"href":"https:\/\/prointer.fr\/meinau\/wp-json\/wp\/v2\/posts\/26387\/revisions"}],"predecessor-version":[{"id":26737,"href":"https:\/\/prointer.fr\/meinau\/wp-json\/wp\/v2\/posts\/26387\/revisions\/26737"}],"wp:featuredmedia":[{"embeddable":true,"href":"https:\/\/prointer.fr\/meinau\/wp-json\/wp\/v2\/media\/26736"}],"wp:attachment":[{"href":"https:\/\/prointer.fr\/meinau\/wp-json\/wp\/v2\/media?parent=26387"}],"wp:term":[{"taxonomy":"category","embeddable":true,"href":"https:\/\/prointer.fr\/meinau\/wp-json\/wp\/v2\/categories?post=26387"},{"taxonomy":"post_tag","embeddable":true,"href":"https:\/\/prointer.fr\/meinau\/wp-json\/wp\/v2\/tags?post=26387"}],"curies":[{"name":"wp","href":"https:\/\/api.w.org\/{rel}","templated":true}]}}