{"id":27015,"date":"2025-10-08T14:56:12","date_gmt":"2025-10-08T14:56:12","guid":{"rendered":"https:\/\/viande-halal.fr\/meinau\/?p=27015"},"modified":"2025-10-08T15:07:34","modified_gmt":"2025-10-08T15:07:34","slug":"harira-marocaine-soupe-traditionnelle","status":"publish","type":"post","link":"https:\/\/prointer.fr\/meinau\/blog\/harira-marocaine-soupe-traditionnelle\/","title":{"rendered":"Harira marocaine (Soupe traditionnelle)"},"content":{"rendered":"\t\t<div data-elementor-type=\"wp-post\" data-elementor-id=\"27015\" class=\"elementor elementor-27015\" data-elementor-post-type=\"post\">\n\t\t\t\t<div class=\"elementor-element elementor-element-3d34da70 e-flex e-con-boxed e-con e-parent\" data-id=\"3d34da70\" data-element_type=\"container\">\n\t\t\t\t\t<div class=\"e-con-inner\">\n\t\t\t\t<div class=\"elementor-element elementor-element-a225be9 elementor-widget elementor-widget-text-editor\" data-id=\"a225be9\" data-element_type=\"widget\" data-widget_type=\"text-editor.default\">\n\t\t\t\t<div class=\"elementor-widget-container\">\n\t\t\t\t\t\t\t\t\t<p data-start=\"213\" data-end=\"512\">Star des tables marocaines, surtout pendant le <strong data-start=\"260\" data-end=\"271\">Ramadan<\/strong>, la <strong data-start=\"276\" data-end=\"286\">Harira<\/strong> est une soupe <strong data-start=\"301\" data-end=\"336\">riche, parfum\u00e9e et nourrissante<\/strong>.<br data-start=\"337\" data-end=\"340\" \/>Pr\u00e9par\u00e9e \u00e0 base de <strong data-start=\"359\" data-end=\"416\">tomates, lentilles, pois chiches, coriandre et \u00e9pices<\/strong>, elle offre un m\u00e9lange de saveurs authentiques qui r\u00e9chauffe et r\u00e9gale \u00e0 chaque cuiller\u00e9e.\u00a0<\/p>\n<p data-start=\"514\" data-end=\"674\">Parfaite pour les <strong data-start=\"532\" data-end=\"552\">soir\u00e9es fra\u00eeches<\/strong> ou les repas en famille, la Harira incarne \u00e0 merveille la <strong data-start=\"611\" data-end=\"644\">g\u00e9n\u00e9rosit\u00e9 et la convivialit\u00e9<\/strong> de la cuisine marocaine.<\/p>\n<h2>Ingr\u00e9dients pour 6 personnes <span style=\"font-size: 30px;\">\u00a0<\/span>\u00a0<\/h2>\n<p><!-- \/wp:heading --><!-- wp:heading {\"level\":3} --><\/p>\n<ul>\n<li>200 g de viande d&rsquo;agneau ou de boeuf (en petits morceaux)\u00a0<\/li>\n<li>100 g de pois chiches (tremp\u00e9s la veille)\u00a0<\/li>\n<li>50 g de lentilles<\/li>\n<li>2 tomates m\u00fbres r\u00e2p\u00e9es\u00a0<\/li>\n<li>1 oignon hach\u00e9\u00a0<\/li>\n<li>1 branche de c\u00e9leri hach\u00e9e\u00a0<\/li>\n<li style=\"font-weight: 400;\" aria-level=\"1\"><span style=\"font-weight: 400;\">1 bouquet de coriandre fra\u00eeche<\/span><\/li>\n<li style=\"font-weight: 400;\" aria-level=\"1\"><span style=\"font-weight: 400;\">1 bouquet de persil plat<\/span><\/li>\n<li style=\"font-weight: 400;\" aria-level=\"1\"><span style=\"font-weight: 400;\">2 c. \u00e0 soupe de concentr\u00e9 de tomate<\/span><\/li>\n<li style=\"font-weight: 400;\" aria-level=\"1\"><span style=\"font-weight: 400;\">1\/2 tasse de vermicelles (facultatif)<\/span><\/li>\n<li style=\"font-weight: 400;\" aria-level=\"1\"><span style=\"font-weight: 400;\">3 c. \u00e0 soupe d\u2019huile d\u2019olive<\/span><\/li>\n<li style=\"font-weight: 400;\" aria-level=\"1\"><span style=\"font-weight: 400;\">1\/2 c. \u00e0 caf\u00e9 de curcuma<\/span><\/li>\n<li style=\"font-weight: 400;\" aria-level=\"1\"><span style=\"font-weight: 400;\">1 c. \u00e0 caf\u00e9 de paprika<\/span><\/li>\n<li style=\"font-weight: 400;\" aria-level=\"1\"><span style=\"font-weight: 400;\">Sel, poivre<\/span><\/li>\n<li style=\"font-weight: 400;\" aria-level=\"1\"><span style=\"font-weight: 400;\">2 L d\u2019eau<\/span><\/li>\n<\/ul>\n<p><!-- \/wp:list-item --><\/p>\n<p><!-- \/wp:list --><!-- wp:heading {\"level\":4} --><\/p>\n<ul>\n<li style=\"list-style-type: none;\">\u00a0<\/li>\n<\/ul>\n<p><!-- \/wp:list-item --><\/p>\n<p><!-- \/wp:list --><!-- wp:heading {\"level\":4} --><\/p>\n<h2>\u00c9tapes de pr\u00e9paration\u00a0\u00a0<\/h2>\n<p><!-- \/wp:heading --><!-- wp:heading {\"level\":3} --><\/p>\n<ol>\n<li><span style=\"font-weight: 400;\">Faire revenir la viande avec l\u2019oignon et le c\u00e9leri dans l\u2019huile chaude.<\/span><\/li>\n<li><span style=\"font-weight: 400;\">Ajouter les tomates r\u00e2p\u00e9es, le concentr\u00e9 de tomate et les \u00e9pices. Bien m\u00e9langer.<\/span><\/li>\n<li><span style=\"font-weight: 400;\">Ajouter l\u2019eau, les pois chiches, les lentilles, la coriandre et le persil. Laisser mijoter 1h \u00e0 feu doux.<\/span><\/li>\n<li><span style=\"font-weight: 400;\">Verser les vermicelles ou la farine dilu\u00e9e progressivement en remuant pour \u00e9paissir la soupe.<\/span><\/li>\n<li><span style=\"font-weight: 400;\">Cuire encore 10 \u00e0 15 min. Ajuster l\u2019assaisonnement.<\/span><\/li>\n<\/ol>\n<p><!-- \/wp:list-item --><\/p>\n<p><!-- \/wp:list --><!-- wp:separator --><\/p>\n<h6><strong>A servir chaud, avec un filet de citron et du pain !\u00a0<\/strong><\/h6>\n<p>\u00a0<\/p>\n<p><!-- \/wp:paragraph --><!-- wp:separator --><\/p>\n<p><!-- \/wp:list-item --><\/p>\n<p><!-- \/wp:list --><!-- wp:separator --><\/p>\n<hr \/>\n<p><!-- \/wp:separator --><!-- wp:heading --><\/p>\n<h2>En conclusion<\/h2>\n<p><!-- \/wp:heading --><!-- wp:paragraph --><\/p>\n<p>La <strong data-start=\"177\" data-end=\"197\">Harira marocaine<\/strong> est bien plus qu\u2019une simple soupe : c\u2019est une <strong data-start=\"244\" data-end=\"277\">v\u00e9ritable tradition culinaire<\/strong>, symbole de partage et de g\u00e9n\u00e9rosit\u00e9.<br data-start=\"315\" data-end=\"318\" \/>Riche en saveurs, en \u00e9pices et en bons ingr\u00e9dients, elle r\u00e9chauffe les c\u0153urs autant que les estomacs.<\/p>\n<p><!-- \/wp:quote --><\/p>\t\t\t\t\t\t\t\t<\/div>\n\t\t\t\t<\/div>\n\t\t\t\t\t<\/div>\n\t\t\t\t<\/div>\n\t\t<div class=\"elementor-element elementor-element-3d0c790 e-flex e-con-boxed e-con e-parent\" data-id=\"3d0c790\" data-element_type=\"container\">\n\t\t\t\t\t<div class=\"e-con-inner\">\n\t\t\t\t\t<\/div>\n\t\t\t\t<\/div>\n\t\t\t\t<\/div>\n\t\t","protected":false},"excerpt":{"rendered":"<p>Star des tables marocaines, surtout pendant le Ramadan, la Harira est une soupe riche, parfum\u00e9e et nourrissante.Pr\u00e9par\u00e9e \u00e0 base de tomates, lentilles, pois chiches, coriandre et \u00e9pices, elle offre un m\u00e9lange de saveurs authentiques qui r\u00e9chauffe et r\u00e9gale \u00e0 chaque cuiller\u00e9e.\u00a0 Parfaite pour les soir\u00e9es fra\u00eeches ou les repas en famille, la Harira incarne \u00e0 [&hellip;]<\/p>\n","protected":false},"author":2,"featured_media":27308,"comment_status":"open","ping_status":"open","sticky":false,"template":"","format":"standard","meta":{"footnotes":""},"categories":[474,479,476],"tags":[675,676,680,473,681],"class_list":["post-27015","post","type-post","status-publish","format-standard","has-post-thumbnail","hentry","category-les-recettes-du-monde","category-menu","category-plat","tag-lentilles","tag-menu","tag-pois-chiches","tag-recette","tag-viande"],"_links":{"self":[{"href":"https:\/\/prointer.fr\/meinau\/wp-json\/wp\/v2\/posts\/27015","targetHints":{"allow":["GET"]}}],"collection":[{"href":"https:\/\/prointer.fr\/meinau\/wp-json\/wp\/v2\/posts"}],"about":[{"href":"https:\/\/prointer.fr\/meinau\/wp-json\/wp\/v2\/types\/post"}],"author":[{"embeddable":true,"href":"https:\/\/prointer.fr\/meinau\/wp-json\/wp\/v2\/users\/2"}],"replies":[{"embeddable":true,"href":"https:\/\/prointer.fr\/meinau\/wp-json\/wp\/v2\/comments?post=27015"}],"version-history":[{"count":5,"href":"https:\/\/prointer.fr\/meinau\/wp-json\/wp\/v2\/posts\/27015\/revisions"}],"predecessor-version":[{"id":27309,"href":"https:\/\/prointer.fr\/meinau\/wp-json\/wp\/v2\/posts\/27015\/revisions\/27309"}],"wp:featuredmedia":[{"embeddable":true,"href":"https:\/\/prointer.fr\/meinau\/wp-json\/wp\/v2\/media\/27308"}],"wp:attachment":[{"href":"https:\/\/prointer.fr\/meinau\/wp-json\/wp\/v2\/media?parent=27015"}],"wp:term":[{"taxonomy":"category","embeddable":true,"href":"https:\/\/prointer.fr\/meinau\/wp-json\/wp\/v2\/categories?post=27015"},{"taxonomy":"post_tag","embeddable":true,"href":"https:\/\/prointer.fr\/meinau\/wp-json\/wp\/v2\/tags?post=27015"}],"curies":[{"name":"wp","href":"https:\/\/api.w.org\/{rel}","templated":true}]}}