{"id":73581,"date":"2026-02-20T11:32:30","date_gmt":"2026-02-20T11:32:30","guid":{"rendered":"https:\/\/prointer.fr\/meinau\/?p=73581"},"modified":"2026-02-20T12:00:20","modified_gmt":"2026-02-20T12:00:20","slug":"sarma-feuilles-de-vigne-farcies-duplicate","status":"publish","type":"post","link":"https:\/\/prointer.fr\/meinau\/blog\/sarma-feuilles-de-vigne-farcies-duplicate\/","title":{"rendered":"Chorba"},"content":{"rendered":"\t\t<div data-elementor-type=\"wp-post\" data-elementor-id=\"73581\" class=\"elementor elementor-73581\" data-elementor-post-type=\"post\">\n\t\t\t\t<div class=\"elementor-element elementor-element-3d34da70 e-flex e-con-boxed e-con e-parent\" data-id=\"3d34da70\" data-element_type=\"container\">\n\t\t\t\t\t<div class=\"e-con-inner\">\n\t\t\t\t<div class=\"elementor-element elementor-element-a225be9 elementor-widget elementor-widget-text-editor\" data-id=\"a225be9\" data-element_type=\"widget\" data-widget_type=\"text-editor.default\">\n\t\t\t\t<div class=\"elementor-widget-container\">\n\t\t\t\t\t\t\t\t\t<p data-start=\"0\" data-end=\"67\">Savourez notre <strong data-start=\"60\" data-end=\"70\">Chorba<\/strong>, une soupe g\u00e9n\u00e9reuse et parfum\u00e9e, pr\u00e9par\u00e9e avec des ingr\u00e9dients soigneusement s\u00e9lectionn\u00e9s. <br \/><br \/>Riche en saveurs, relev\u00e9e juste comme il faut, elle allie douceur et caract\u00e8re pour un r\u00e9sultat r\u00e9confortant \u00e0 chaque cuill\u00e8re. <br \/><br \/>Id\u00e9ale pour bien commencer le repas ou pour se r\u00e9chauffer lors des journ\u00e9es fra\u00eeches.<\/p>\n<h2>Ingr\u00e9dients pour 4 personnes <span style=\"font-size: 30px;\">\u00a0<\/span>\u00a0<\/h2>\n<p><!-- \/wp:heading --><!-- wp:heading {\"level\":3} --><\/p>\n<p><b>Ingr\u00e9dients pour la pr\u00e9paration :<\/b><\/p>\n<ul>\n<li style=\"font-weight: 400;\" aria-level=\"1\"><span style=\"font-weight: 400;\">250 g de viande en morceau (agneau ou poulet)<\/span><\/li>\n<li style=\"font-weight: 400;\" aria-level=\"1\"><span style=\"font-weight: 400;\">1 oignon<\/span><\/li>\n<li style=\"font-weight: 400;\" aria-level=\"1\"><span style=\"font-weight: 400;\">1 carotte<\/span><\/li>\n<li style=\"font-weight: 400;\" aria-level=\"1\"><span style=\"font-weight: 400;\">1 courgette<\/span><\/li>\n<li style=\"font-weight: 400;\" aria-level=\"1\"><span style=\"font-weight: 400;\">2 tomates<\/span><\/li>\n<li style=\"font-weight: 400;\" aria-level=\"1\"><span style=\"font-weight: 400;\">1 branche de c\u00e9leri<\/span><\/li>\n<li style=\"font-weight: 400;\" aria-level=\"1\"><span style=\"font-weight: 400;\">1 petite poign\u00e9e de pois chiches (tremp\u00e9s la veille)<\/span><\/li>\n<li style=\"font-weight: 400;\" aria-level=\"1\"><span style=\"font-weight: 400;\">2 c. \u00e0 soupe d\u2019huile<\/span><\/li>\n<li style=\"font-weight: 400;\" aria-level=\"1\"><span style=\"font-weight: 400;\">1 c. \u00e0 soupe de concentr\u00e9 de tomate<\/span><\/li>\n<li style=\"font-weight: 400;\" aria-level=\"1\"><span style=\"font-weight: 400;\">1\/2 c. \u00e0 caf\u00e9 de paprika<\/span><\/li>\n<li style=\"font-weight: 400;\" aria-level=\"1\"><span style=\"font-weight: 400;\">1\/2 c. \u00e0 caf\u00e9 de gingembre<\/span><\/li>\n<li style=\"font-weight: 400;\" aria-level=\"1\"><span style=\"font-weight: 400;\">1\/2 c. \u00e0 caf\u00e9 de curcuma<\/span><\/li>\n<li style=\"font-weight: 400;\" aria-level=\"1\"><span style=\"font-weight: 400;\">Sel, poivre<\/span><\/li>\n<li style=\"font-weight: 400;\" aria-level=\"1\"><span style=\"font-weight: 400;\">1 bouquet de coriandre<\/span><\/li>\n<li style=\"font-weight: 400;\" aria-level=\"1\"><span style=\"font-weight: 400;\">1,5 L d\u2019eau<\/span><\/li>\n<li style=\"font-weight: 400;\" aria-level=\"1\"><span style=\"font-weight: 400;\">2 c. \u00e0 soupe de vermicelles <\/span><\/li>\n<\/ul>\n<p><span style=\"font-family: Georgia, 'Times New Roman', 'Bitstream Charter', Times, serif; font-size: 50px; font-weight: bold; letter-spacing: -1px;\">\u00c9tapes de pr\u00e9paration\u00a0<\/span><\/p>\n<p><!-- \/wp:heading --><!-- wp:heading {\"level\":3} --><\/p>\n<ol>\n<li style=\"font-weight: 400;\" aria-level=\"1\"><span style=\"font-weight: 400;\">Hacher l\u2019oignon, couper les l\u00e9gumes en petits d\u00e9s.<br \/><br \/><\/span><\/li>\n<li style=\"font-weight: 400;\" aria-level=\"1\"><span style=\"font-weight: 400;\">Faire revenir la viande avec l\u2019oignon dans l\u2019huile, ajouter les \u00e9pices, le concentr\u00e9 de tomate et bien m\u00e9langer.<br \/><br \/><\/span><\/li>\n<li style=\"font-weight: 400;\" aria-level=\"1\"><span style=\"font-weight: 400;\">Ajouter les l\u00e9gumes, les pois chiches, la coriandre et couvrir d\u2019eau. Laisser cuire 45 min \u00e0 1h.<br \/><br \/><\/span><\/li>\n<li style=\"font-weight: 400;\" aria-level=\"1\"><span style=\"font-weight: 400;\">Ajouter les vermicelles ou le frik 10 min avant la fin de la cuisson.<br \/><br \/><\/span><\/li>\n<li style=\"font-weight: 400;\" aria-level=\"1\"><span style=\"font-weight: 400;\">V\u00e9rifier l\u2019assaisonnement et servir bien chaud.<\/span><\/li>\n<\/ol>\n<p><br \/><span style=\"font-weight: 400;\">Servir avec un filet de jus de citron et du pain maison.<\/span><\/p>\n<p>\u00a0<\/p>\n<p><!-- \/wp:paragraph --><!-- wp:separator --><\/p>\n<p><!-- \/wp:list-item --><\/p>\n<p><!-- \/wp:list --><!-- wp:separator --><\/p>\n<hr \/>\n<p><!-- \/wp:separator --><!-- wp:heading --><\/p>\n<h2>En conclusion<\/h2>\n<p><!-- \/wp:heading --><!-- wp:paragraph --><\/p>\n<div class=\"flex flex-col text-sm pb-25\">\n<article class=\"text-token-text-primary w-full focus:outline-none [--shadow-height:45px] has-data-writing-block:pointer-events-none has-data-writing-block:-mt-(--shadow-height) has-data-writing-block:pt-(--shadow-height) [&amp;:has([data-writing-block])&gt;*]:pointer-events-auto scroll-mt-[calc(var(--header-height)+min(200px,max(70px,20svh)))]\" dir=\"auto\" tabindex=\"-1\" data-turn-id=\"request-WEB:93254495-897e-428a-af80-053ae5aac95c-2\" data-testid=\"conversation-turn-6\" data-scroll-anchor=\"true\" data-turn=\"assistant\">\n<div class=\"text-base my-auto mx-auto pb-10 [--thread-content-margin:--spacing(4)] @w-sm\/main:[--thread-content-margin:--spacing(6)] @w-lg\/main:[--thread-content-margin:--spacing(16)] px-(--thread-content-margin)\">\n<div class=\"[--thread-content-max-width:40rem] @w-lg\/main:[--thread-content-max-width:48rem] mx-auto max-w-(--thread-content-max-width) flex-1 group\/turn-messages focus-visible:outline-hidden relative flex w-full min-w-0 flex-col agent-turn\" tabindex=\"-1\">\n<div class=\"flex max-w-full flex-col grow\">\n<div class=\"min-h-8 text-message relative flex w-full flex-col items-end gap-2 text-start break-words whitespace-normal [.text-message+&amp;]:mt-1\" dir=\"auto\" data-message-author-role=\"assistant\" data-message-id=\"6d28c4a7-2e50-4a30-a52d-3e323e2a0a93\" data-message-model-slug=\"gpt-5-mini\">\n<div class=\"flex w-full flex-col gap-1 empty:hidden first:pt-[1px]\">\n<div class=\"markdown prose dark:prose-invert w-full wrap-break-word light markdown-new-styling\">\n<p data-start=\"0\" data-end=\"258\" data-is-last-node=\"\" data-is-only-node=\"\">Votre <strong data-start=\"391\" data-end=\"401\">Chorba<\/strong> est pr\u00eate \u00e0 \u00eatre d\u00e9gust\u00e9e ! \ud83c\udf1f<br data-start=\"432\" data-end=\"435\" \/>Chaleureuse, savoureuse et nourrissante, elle rassemble toute la famille autour d\u2019un moment simple et plein de go\u00fbt.<\/p>\n<\/div>\n<\/div>\n<\/div>\n<\/div>\n<div class=\"mt-3 w-full empty:hidden\">\n<div class=\"text-center\">\u00a0<\/div>\n<\/div>\n<\/div>\n<\/div>\n<\/article>\n<\/div>\n<div class=\"pointer-events-none h-px w-px absolute bottom-0\" aria-hidden=\"true\" data-edge=\"true\">\u00a0<\/div>\n<p><!-- \/wp:quote --><\/p>\t\t\t\t\t\t\t\t<\/div>\n\t\t\t\t<\/div>\n\t\t\t\t\t<\/div>\n\t\t\t\t<\/div>\n\t\t<div class=\"elementor-element elementor-element-3d0c790 e-flex e-con-boxed e-con e-parent\" data-id=\"3d0c790\" data-element_type=\"container\">\n\t\t\t\t\t<div class=\"e-con-inner\">\n\t\t\t\t\t<\/div>\n\t\t\t\t<\/div>\n\t\t\t\t<\/div>\n\t\t","protected":false},"excerpt":{"rendered":"<p>Savourez notre Chorba, une soupe g\u00e9n\u00e9reuse et parfum\u00e9e, pr\u00e9par\u00e9e avec des ingr\u00e9dients soigneusement s\u00e9lectionn\u00e9s. Riche en saveurs, relev\u00e9e juste comme il faut, elle allie douceur et caract\u00e8re pour un r\u00e9sultat r\u00e9confortant \u00e0 chaque cuill\u00e8re. Id\u00e9ale pour bien commencer le repas ou pour se r\u00e9chauffer lors des journ\u00e9es fra\u00eeches. Ingr\u00e9dients pour 4 personnes \u00a0\u00a0 Ingr\u00e9dients pour [&hellip;]<\/p>\n","protected":false},"author":2,"featured_media":73586,"comment_status":"open","ping_status":"open","sticky":false,"template":"","format":"standard","meta":{"footnotes":""},"categories":[474,479,476],"tags":[675,676,680,473,681],"class_list":["post-73581","post","type-post","status-publish","format-standard","has-post-thumbnail","hentry","category-les-recettes-du-monde","category-menu","category-plat","tag-lentilles","tag-menu","tag-pois-chiches","tag-recette","tag-viande"],"_links":{"self":[{"href":"https:\/\/prointer.fr\/meinau\/wp-json\/wp\/v2\/posts\/73581","targetHints":{"allow":["GET"]}}],"collection":[{"href":"https:\/\/prointer.fr\/meinau\/wp-json\/wp\/v2\/posts"}],"about":[{"href":"https:\/\/prointer.fr\/meinau\/wp-json\/wp\/v2\/types\/post"}],"author":[{"embeddable":true,"href":"https:\/\/prointer.fr\/meinau\/wp-json\/wp\/v2\/users\/2"}],"replies":[{"embeddable":true,"href":"https:\/\/prointer.fr\/meinau\/wp-json\/wp\/v2\/comments?post=73581"}],"version-history":[{"count":4,"href":"https:\/\/prointer.fr\/meinau\/wp-json\/wp\/v2\/posts\/73581\/revisions"}],"predecessor-version":[{"id":73585,"href":"https:\/\/prointer.fr\/meinau\/wp-json\/wp\/v2\/posts\/73581\/revisions\/73585"}],"wp:featuredmedia":[{"embeddable":true,"href":"https:\/\/prointer.fr\/meinau\/wp-json\/wp\/v2\/media\/73586"}],"wp:attachment":[{"href":"https:\/\/prointer.fr\/meinau\/wp-json\/wp\/v2\/media?parent=73581"}],"wp:term":[{"taxonomy":"category","embeddable":true,"href":"https:\/\/prointer.fr\/meinau\/wp-json\/wp\/v2\/categories?post=73581"},{"taxonomy":"post_tag","embeddable":true,"href":"https:\/\/prointer.fr\/meinau\/wp-json\/wp\/v2\/tags?post=73581"}],"curies":[{"name":"wp","href":"https:\/\/api.w.org\/{rel}","templated":true}]}}