{"id":73593,"date":"2026-02-20T12:12:22","date_gmt":"2026-02-20T12:12:22","guid":{"rendered":"https:\/\/prointer.fr\/meinau\/?p=73593"},"modified":"2026-02-20T12:21:45","modified_gmt":"2026-02-20T12:21:45","slug":"zaalouk-caviar-daubergines-marocain","status":"publish","type":"post","link":"https:\/\/prointer.fr\/meinau\/blog\/zaalouk-caviar-daubergines-marocain\/","title":{"rendered":"Zaalouk (Caviar d\u2019aubergines marocain)"},"content":{"rendered":"\t\t<div data-elementor-type=\"wp-post\" data-elementor-id=\"73593\" class=\"elementor elementor-73593\" data-elementor-post-type=\"post\">\n\t\t\t\t<div class=\"elementor-element elementor-element-3d34da70 e-flex e-con-boxed e-con e-parent\" data-id=\"3d34da70\" data-element_type=\"container\">\n\t\t\t\t\t<div class=\"e-con-inner\">\n\t\t\t\t<div class=\"elementor-element elementor-element-a225be9 elementor-widget elementor-widget-text-editor\" data-id=\"a225be9\" data-element_type=\"widget\" data-widget_type=\"text-editor.default\">\n\t\t\t\t<div class=\"elementor-widget-container\">\n\t\t\t\t\t\t\t\t\t<p data-start=\"47\" data-end=\"375\">D\u00e9couvrez le <strong data-start=\"67\" data-end=\"78\">Zaalouk<\/strong>, cette salade d\u2019aubergines cuisin\u00e9e avec soin, relev\u00e9e d\u2019ail, d\u2019\u00e9pices et d\u2019une touche d\u2019huile d\u2019olive.<\/p>\n<p data-start=\"47\" data-end=\"375\">Fondant, parfum\u00e9 et plein de caract\u00e8re, il se d\u00e9guste aussi bien en entr\u00e9e qu\u2019en accompagnement.<\/p>\n<p data-start=\"47\" data-end=\"375\">Un incontournable pour apporter du soleil et de la g\u00e9n\u00e9rosit\u00e9 \u00e0 votre table.<\/p>\n<h2>Ingr\u00e9dients pour 4 personnes <span style=\"font-size: 30px;\">\u00a0<\/span>\u00a0<\/h2>\n<p><!-- \/wp:heading --><!-- wp:heading {\"level\":3} --><\/p>\n<p><b>Ingr\u00e9dients pour la pr\u00e9paration :<\/b><\/p>\n<ul>\n<li style=\"font-weight: 400;\" aria-level=\"1\"><span style=\"font-weight: 400;\">2 grosses aubergines<\/span><\/li>\n<li style=\"font-weight: 400;\" aria-level=\"1\"><span style=\"font-weight: 400;\">3 tomates bien m\u00fbres<\/span><\/li>\n<li style=\"font-weight: 400;\" aria-level=\"1\"><span style=\"font-weight: 400;\">2 gousses d\u2019ail<\/span><\/li>\n<li style=\"font-weight: 400;\" aria-level=\"1\"><span style=\"font-weight: 400;\">1 c. \u00e0 caf\u00e9 de paprika<\/span><\/li>\n<li style=\"font-weight: 400;\" aria-level=\"1\"><span style=\"font-weight: 400;\">1 c. \u00e0 caf\u00e9 de cumin<\/span><\/li>\n<li style=\"font-weight: 400;\" aria-level=\"1\"><span style=\"font-weight: 400;\">1\/2 citron<\/span><\/li>\n<li style=\"font-weight: 400;\" aria-level=\"1\"><span style=\"font-weight: 400;\">2 c. \u00e0 soupe d\u2019huile d\u2019olive<\/span><\/li>\n<li style=\"font-weight: 400;\" aria-level=\"1\"><span style=\"font-weight: 400;\">Quelques brins de coriandre fra\u00eeche<\/span><\/li>\n<li style=\"font-weight: 400;\" aria-level=\"1\"><span style=\"font-weight: 400;\">Sel, poivre<\/span><\/li>\n<\/ul>\n<p><span style=\"font-family: Georgia, 'Times New Roman', 'Bitstream Charter', Times, serif; font-size: 50px; font-weight: bold; letter-spacing: -1px;\">\u00c9tapes de pr\u00e9paration\u00a0<\/span><\/p>\n<p><!-- \/wp:heading --><!-- wp:heading {\"level\":3} --><\/p>\n<ol>\n<li style=\"font-weight: 400;\" aria-level=\"1\"><span style=\"font-weight: 400;\">Couper les aubergines en d\u00e9s, les faire cuire \u00e0 la vapeur ou dans de l\u2019eau bouillante sal\u00e9e jusqu\u2019\u00e0 tendret\u00e9.<br \/><br \/><\/span><\/li>\n<li style=\"font-weight: 400;\" aria-level=\"1\"><span style=\"font-weight: 400;\">Monder et hacher les tomates, hacher l\u2019ail.<br \/><br \/><\/span><\/li>\n<li style=\"font-weight: 400;\" aria-level=\"1\"><span style=\"font-weight: 400;\">Faire revenir l\u2019ail dans l\u2019huile d\u2019olive, ajouter les tomates, le paprika, le cumin, sel, poivre. Laisser mijoter 10 min.<br \/><br \/><\/span><\/li>\n<li style=\"font-weight: 400;\" aria-level=\"1\"><span style=\"font-weight: 400;\">Ajouter les aubergines \u00e9goutt\u00e9es, \u00e9craser le tout \u00e0 la fourchette.<br \/><br \/><\/span><\/li>\n<li style=\"font-weight: 400;\" aria-level=\"1\"><span style=\"font-weight: 400;\">Cuire \u00e0 feu doux 10 \u00e0 15 min pour faire \u00e9vaporer l\u2019eau. Ajouter un filet de jus de citron et de la coriandre cisel\u00e9e en fin de cuisson.<\/span><\/li>\n<\/ol>\n<p><span style=\"font-weight: 400;\">Se d\u00e9guste ti\u00e8de ou froid, en entr\u00e9e ou en accompagnement..<\/span><\/p>\n<p>\u00a0<\/p>\n<p><!-- \/wp:paragraph --><!-- wp:separator --><\/p>\n<p><!-- \/wp:list-item --><\/p>\n<p><!-- \/wp:list --><!-- wp:separator --><\/p>\n<hr \/>\n<p><!-- \/wp:separator --><!-- wp:heading --><\/p>\n<h2>En conclusion<\/h2>\n<p><!-- \/wp:heading --><!-- wp:paragraph --><\/p>\n<div class=\"flex flex-col text-sm pb-25\">\n<article class=\"text-token-text-primary w-full focus:outline-none [--shadow-height:45px] has-data-writing-block:pointer-events-none has-data-writing-block:-mt-(--shadow-height) has-data-writing-block:pt-(--shadow-height) [&amp;:has([data-writing-block])&gt;*]:pointer-events-auto scroll-mt-[calc(var(--header-height)+min(200px,max(70px,20svh)))]\" dir=\"auto\" tabindex=\"-1\" data-turn-id=\"request-WEB:93254495-897e-428a-af80-053ae5aac95c-2\" data-testid=\"conversation-turn-6\" data-scroll-anchor=\"true\" data-turn=\"assistant\">\n<div class=\"text-base my-auto mx-auto pb-10 [--thread-content-margin:--spacing(4)] @w-sm\/main:[--thread-content-margin:--spacing(6)] @w-lg\/main:[--thread-content-margin:--spacing(16)] px-(--thread-content-margin)\">\n<div class=\"[--thread-content-max-width:40rem] @w-lg\/main:[--thread-content-max-width:48rem] mx-auto max-w-(--thread-content-max-width) flex-1 group\/turn-messages focus-visible:outline-hidden relative flex w-full min-w-0 flex-col agent-turn\" tabindex=\"-1\">\n<div class=\"flex max-w-full flex-col grow\">\n<div class=\"min-h-8 text-message relative flex w-full flex-col items-end gap-2 text-start break-words whitespace-normal [.text-message+&amp;]:mt-1\" dir=\"auto\" data-message-author-role=\"assistant\" data-message-id=\"6d28c4a7-2e50-4a30-a52d-3e323e2a0a93\" data-message-model-slug=\"gpt-5-mini\">\n<div class=\"flex w-full flex-col gap-1 empty:hidden first:pt-[1px]\">\n<div class=\"markdown prose dark:prose-invert w-full wrap-break-word light markdown-new-styling\">\n<p data-start=\"0\" data-end=\"258\" data-is-last-node=\"\" data-is-only-node=\"\">Votre <strong data-start=\"373\" data-end=\"384\">Zaalouk<\/strong> est pr\u00eat \u00e0 \u00eatre savour\u00e9 ! \ud83c\udf3f<br data-start=\"413\" data-end=\"416\" \/>Onctueux et riche en go\u00fbt, il se partage facilement et transforme chaque repas en un moment convivial et gourmand.<\/p>\n<\/div>\n<\/div>\n<\/div>\n<\/div>\n<div class=\"mt-3 w-full empty:hidden\">\n<div class=\"text-center\">\u00a0<\/div>\n<\/div>\n<\/div>\n<\/div>\n<\/article>\n<\/div>\n<div class=\"pointer-events-none h-px w-px absolute bottom-0\" aria-hidden=\"true\" data-edge=\"true\">\u00a0<\/div>\n<p><!-- \/wp:quote --><\/p>\t\t\t\t\t\t\t\t<\/div>\n\t\t\t\t<\/div>\n\t\t\t\t\t<\/div>\n\t\t\t\t<\/div>\n\t\t<div class=\"elementor-element elementor-element-3d0c790 e-flex e-con-boxed e-con e-parent\" data-id=\"3d0c790\" data-element_type=\"container\">\n\t\t\t\t\t<div class=\"e-con-inner\">\n\t\t\t\t\t<\/div>\n\t\t\t\t<\/div>\n\t\t\t\t<\/div>\n\t\t","protected":false},"excerpt":{"rendered":"<p>D\u00e9couvrez le Zaalouk, cette salade d\u2019aubergines cuisin\u00e9e avec soin, relev\u00e9e d\u2019ail, d\u2019\u00e9pices et d\u2019une touche d\u2019huile d\u2019olive. Fondant, parfum\u00e9 et plein de caract\u00e8re, il se d\u00e9guste aussi bien en entr\u00e9e qu\u2019en accompagnement. Un incontournable pour apporter du soleil et de la g\u00e9n\u00e9rosit\u00e9 \u00e0 votre table. Ingr\u00e9dients pour 4 personnes \u00a0\u00a0 Ingr\u00e9dients pour la pr\u00e9paration : [&hellip;]<\/p>\n","protected":false},"author":2,"featured_media":73599,"comment_status":"open","ping_status":"open","sticky":false,"template":"","format":"standard","meta":{"footnotes":""},"categories":[474,479,476],"tags":[675,676,680,473,681],"class_list":["post-73593","post","type-post","status-publish","format-standard","has-post-thumbnail","hentry","category-les-recettes-du-monde","category-menu","category-plat","tag-lentilles","tag-menu","tag-pois-chiches","tag-recette","tag-viande"],"_links":{"self":[{"href":"https:\/\/prointer.fr\/meinau\/wp-json\/wp\/v2\/posts\/73593","targetHints":{"allow":["GET"]}}],"collection":[{"href":"https:\/\/prointer.fr\/meinau\/wp-json\/wp\/v2\/posts"}],"about":[{"href":"https:\/\/prointer.fr\/meinau\/wp-json\/wp\/v2\/types\/post"}],"author":[{"embeddable":true,"href":"https:\/\/prointer.fr\/meinau\/wp-json\/wp\/v2\/users\/2"}],"replies":[{"embeddable":true,"href":"https:\/\/prointer.fr\/meinau\/wp-json\/wp\/v2\/comments?post=73593"}],"version-history":[{"count":5,"href":"https:\/\/prointer.fr\/meinau\/wp-json\/wp\/v2\/posts\/73593\/revisions"}],"predecessor-version":[{"id":73600,"href":"https:\/\/prointer.fr\/meinau\/wp-json\/wp\/v2\/posts\/73593\/revisions\/73600"}],"wp:featuredmedia":[{"embeddable":true,"href":"https:\/\/prointer.fr\/meinau\/wp-json\/wp\/v2\/media\/73599"}],"wp:attachment":[{"href":"https:\/\/prointer.fr\/meinau\/wp-json\/wp\/v2\/media?parent=73593"}],"wp:term":[{"taxonomy":"category","embeddable":true,"href":"https:\/\/prointer.fr\/meinau\/wp-json\/wp\/v2\/categories?post=73593"},{"taxonomy":"post_tag","embeddable":true,"href":"https:\/\/prointer.fr\/meinau\/wp-json\/wp\/v2\/tags?post=73593"}],"curies":[{"name":"wp","href":"https:\/\/api.w.org\/{rel}","templated":true}]}}